{"id":369,"date":"2021-10-18T03:40:39","date_gmt":"2021-10-18T03:40:39","guid":{"rendered":"https:\/\/clinicathaisguerreiro.e-crie.com\/?p=369"},"modified":"2021-10-19T00:13:24","modified_gmt":"2021-10-19T00:13:24","slug":"protetor-solar-pode-causar-acne","status":"publish","type":"post","link":"https:\/\/thaisguerreiro.com.br\/?p=369","title":{"rendered":"Protetor solar pode causar acne?"},"content":{"rendered":"\n<style type=\"text\/css\" data-created_by=\"avia_inline_auto\" id=\"style-css-av-av_one_full-15d750bd1b332b34c6e70b077ebbccdf\">\n.flex_column.av-av_one_full-15d750bd1b332b34c6e70b077ebbccdf{\nborder-radius:0px 0px 0px 0px;\npadding:0px 0px 0px 0px;\n}\n<\/style>\n<div  class='flex_column av-av_one_full-15d750bd1b332b34c6e70b077ebbccdf av_one_full  avia-builder-el-0  avia-builder-el-no-sibling  first flex_column_div av-zero-column-padding  '     ><p><div  class='av-hotspot-image-container av-av_image_hotspot-c8b3dd777259a673131c494a807a9312  avia-builder-el-1  el_before_av_hr  avia-builder-el-first  av-hotspot-numbered av-mobile-fallback-active  av-non-fullwidth-hotspot-image'  itemprop=\"image\" itemscope=\"itemscope\" itemtype=\"https:\/\/schema.org\/ImageObject\" ><div class='av-hotspot-container'><div class='av-hotspot-container-inner-cell'><div class='av-hotspot-container-inner-wrap'><img fetchpriority=\"high\" class='wp-image-370 avia-img-lazy-loading-not-370 avia_image' src='https:\/\/thaisguerreiro.com.br\/wp-content\/uploads\/2021\/10\/protetor_solar_causa_acne_clinica_thais_guerreiro.jpg' alt='' title='protetor_solar_causa_acne_clinica_thais_guerreiro'  height=\"300\" width=\"800\"  itemprop=\"thumbnailUrl\"  \/><\/div><\/div><\/div><\/div><br \/>\n\n<style type=\"text\/css\" data-created_by=\"avia_inline_auto\" id=\"style-css-av-av_hr-c000357aa8f95db5dbf11db4a3c9da68\">\n#top .hr.hr-invisible.av-av_hr-c000357aa8f95db5dbf11db4a3c9da68{\nheight:30px;\n}\n<\/style>\n<div  class='hr av-av_hr-c000357aa8f95db5dbf11db4a3c9da68 hr-invisible  avia-builder-el-2  el_after_av_image_hotspot  el_before_av_heading  avia-builder-el-first '><span class='hr-inner '><span class=\"hr-inner-style\"><\/span><\/span><\/div><br \/>\n\n<style type=\"text\/css\" data-created_by=\"avia_inline_auto\" id=\"style-css-av-av_heading-0d39c890e73f3fbf3469787d1f2e4cd7\">\n#top .av-special-heading.av-av_heading-0d39c890e73f3fbf3469787d1f2e4cd7{\npadding-bottom:10px;\ncolor:#997778;\n}\nbody .av-special-heading.av-av_heading-0d39c890e73f3fbf3469787d1f2e4cd7 .av-special-heading-tag .heading-char{\nfont-size:25px;\n}\n.av-special-heading.av-av_heading-0d39c890e73f3fbf3469787d1f2e4cd7 .special-heading-inner-border{\nborder-color:#997778;\n}\n.av-special-heading.av-av_heading-0d39c890e73f3fbf3469787d1f2e4cd7 .av-subheading{\nfont-size:15px;\n}\n<\/style>\n<div  class='av-special-heading av-av_heading-0d39c890e73f3fbf3469787d1f2e4cd7 av-special-heading-h2 custom-color-heading  avia-builder-el-3  el_after_av_hr  el_before_av_hr '><h2 class='av-special-heading-tag'  itemprop=\"headline\"  >Protetor solar pode causar acne?<\/h2><div class=\"special-heading-border\"><div class=\"special-heading-inner-border\"><\/div><\/div><\/div><br \/>\n\n<style type=\"text\/css\" data-created_by=\"avia_inline_auto\" id=\"style-css-av-av_hr-c000357aa8f95db5dbf11db4a3c9da68\">\n#top .hr.hr-invisible.av-av_hr-c000357aa8f95db5dbf11db4a3c9da68{\nheight:30px;\n}\n<\/style>\n<div  class='hr av-av_hr-c000357aa8f95db5dbf11db4a3c9da68 hr-invisible  avia-builder-el-4  el_after_av_heading  el_before_av_textblock '><span class='hr-inner '><span class=\"hr-inner-style\"><\/span><\/span><\/div><br \/>\n\n<style type=\"text\/css\" data-created_by=\"avia_inline_auto\" id=\"style-css-av-av_textblock-3ef3e4f66a2bcbb6f9b35afb905e5c3d\">\n#top .av_textblock_section.av-av_textblock-3ef3e4f66a2bcbb6f9b35afb905e5c3d .avia_textblock{\nfont-size:14px;\n}\n<\/style>\n<section  class='av_textblock_section av-av_textblock-3ef3e4f66a2bcbb6f9b35afb905e5c3d '   itemscope=\"itemscope\" itemtype=\"https:\/\/schema.org\/BlogPosting\" itemprop=\"blogPost\" ><div class='avia_textblock'  itemprop=\"text\" ><p>Muita gente acredita que o uso de protetor solar causa acne. Por\u00e9m, isso \u00e9 MITO.<\/p>\n<p>Essa cren\u00e7a existe at\u00e9 hoje por causa de alguns protetores que tem um textura pesada, com maior quantidade de \u00f3leo na sua composi\u00e7\u00e3o, por\u00e9m n\u00e3o possuem na sua f\u00f3rmula ativos que acelerem a produ\u00e7\u00e3o das gl\u00e2ndulas seb\u00e1ceas ou ativos que causem a acne.<\/p>\n<p>O que ocorre \u00e9 que quem j\u00e1 tem acne, pode ter o quadro agravado quando o protetor solar tenha na sua composi\u00e7\u00e3o uma maior quantidade de \u00f3leo, pois acaba obstruindo a sa\u00edda das gl\u00e2ndulas seb\u00e1ceas.<\/p>\n<p>Felizmente, hoje em dia existe no mercado muitos protetores solares espec\u00edficos para peles oleosas e com acne, auxiliando no tratamento e preven\u00e7\u00e3o de acne.<\/p>\n<p>Esses protetores possuem f\u00f3rmula oil-free, textura em gel ou em gel creme, em flu\u00eddos e possuem ativos como s\u00edlicas polim\u00e9ricas que ajudam no controle do brilho e oleosidade da pele.<\/p>\n<p>Com acne ou sem acne, o protetor solar de ser aplicado diariamente, mesmo em dias nublados e ambientes fechados, e reaplicado a cada duas\/tr\u00eas horas para atuar de maneira eficaz.<\/p>\n<p>Converse com seu m\u00e9dico dermatologista, ele vai orientar qual filtro solar mais adequados ao o seu tipo de pele, levando em considera\u00e7\u00e3o caracter\u00edsticas como n\u00edvel de oleosidade, tend\u00eancia ao ressecamento e grau de sensibilidade.<\/p>\n<p><em>Equipe Cl\u00ednica Tha\u00eds Guerreiro<\/em><\/p>\n<\/div><\/section><\/p><\/div>\n","protected":false},"excerpt":{"rendered":"<p>Muita gente acredita que o uso de protetor solar causa acne. Por\u00e9m, isso \u00e9 MITO.<br \/>\nEssa cren\u00e7a existe at\u00e9 hoje por causa de alguns protetores que tem uma textura pesada<\/p>\n","protected":false},"author":4,"featured_media":370,"comment_status":"open","ping_status":"closed","sticky":false,"template":"","format":"standard","meta":{"footnotes":""},"categories":[7],"tags":[],"class_list":["post-369","post","type-post","status-publish","format-standard","has-post-thumbnail","hentry","category-beleza"],"_links":{"self":[{"href":"https:\/\/thaisguerreiro.com.br\/index.php?rest_route=\/wp\/v2\/posts\/369","targetHints":{"allow":["GET"]}}],"collection":[{"href":"https:\/\/thaisguerreiro.com.br\/index.php?rest_route=\/wp\/v2\/posts"}],"about":[{"href":"https:\/\/thaisguerreiro.com.br\/index.php?rest_route=\/wp\/v2\/types\/post"}],"author":[{"embeddable":true,"href":"https:\/\/thaisguerreiro.com.br\/index.php?rest_route=\/wp\/v2\/users\/4"}],"replies":[{"embeddable":true,"href":"https:\/\/thaisguerreiro.com.br\/index.php?rest_route=%2Fwp%2Fv2%2Fcomments&post=369"}],"version-history":[{"count":4,"href":"https:\/\/thaisguerreiro.com.br\/index.php?rest_route=\/wp\/v2\/posts\/369\/revisions"}],"predecessor-version":[{"id":549,"href":"https:\/\/thaisguerreiro.com.br\/index.php?rest_route=\/wp\/v2\/posts\/369\/revisions\/549"}],"wp:featuredmedia":[{"embeddable":true,"href":"https:\/\/thaisguerreiro.com.br\/index.php?rest_route=\/wp\/v2\/media\/370"}],"wp:attachment":[{"href":"https:\/\/thaisguerreiro.com.br\/index.php?rest_route=%2Fwp%2Fv2%2Fmedia&parent=369"}],"wp:term":[{"taxonomy":"category","embeddable":true,"href":"https:\/\/thaisguerreiro.com.br\/index.php?rest_route=%2Fwp%2Fv2%2Fcategories&post=369"},{"taxonomy":"post_tag","embeddable":true,"href":"https:\/\/thaisguerreiro.com.br\/index.php?rest_route=%2Fwp%2Fv2%2Ftags&post=369"}],"curies":[{"name":"wp","href":"https:\/\/api.w.org\/{rel}","templated":true}]}}