{"id":444,"date":"2021-10-18T21:36:06","date_gmt":"2021-10-18T21:36:06","guid":{"rendered":"https:\/\/clinicathaisguerreiro.e-crie.com\/?p=444"},"modified":"2021-10-18T23:52:23","modified_gmt":"2021-10-18T23:52:23","slug":"voce-conhece-os-antioxidantes-orais","status":"publish","type":"post","link":"https:\/\/thaisguerreiro.com.br\/?p=444","title":{"rendered":"Voc\u00ea conhece os antioxidantes orais?"},"content":{"rendered":"\n<style type=\"text\/css\" data-created_by=\"avia_inline_auto\" id=\"style-css-av-av_one_full-15d750bd1b332b34c6e70b077ebbccdf\">\n.flex_column.av-av_one_full-15d750bd1b332b34c6e70b077ebbccdf{\nborder-radius:0px 0px 0px 0px;\npadding:0px 0px 0px 0px;\n}\n<\/style>\n<div  class='flex_column av-av_one_full-15d750bd1b332b34c6e70b077ebbccdf av_one_full  avia-builder-el-0  avia-builder-el-no-sibling  first flex_column_div av-zero-column-padding  '     ><p><div  class='av-hotspot-image-container av-av_image_hotspot-5d3b049efb7a08c86e1aafad5c509ea7  avia-builder-el-1  el_before_av_hr  avia-builder-el-first  av-hotspot-numbered av-mobile-fallback-active  av-non-fullwidth-hotspot-image'  itemprop=\"image\" itemscope=\"itemscope\" itemtype=\"https:\/\/schema.org\/ImageObject\" ><div class='av-hotspot-container'><div class='av-hotspot-container-inner-cell'><div class='av-hotspot-container-inner-wrap'><img fetchpriority=\"high\" class='wp-image-445 avia-img-lazy-loading-not-445 avia_image' src='https:\/\/thaisguerreiro.com.br\/wp-content\/uploads\/2021\/10\/WhatsApp-Image-2021-10-18-at-15.49.07.jpeg' alt='Voc\u00ea conhece os antioxidantes orais?' title='Voc\u00ea conhece os antioxidantes orais?'  height=\"300\" width=\"800\"  itemprop=\"thumbnailUrl\"  \/><\/div><\/div><\/div><\/div><br \/>\n\n<style type=\"text\/css\" data-created_by=\"avia_inline_auto\" id=\"style-css-av-av_hr-c000357aa8f95db5dbf11db4a3c9da68\">\n#top .hr.hr-invisible.av-av_hr-c000357aa8f95db5dbf11db4a3c9da68{\nheight:30px;\n}\n<\/style>\n<div  class='hr av-av_hr-c000357aa8f95db5dbf11db4a3c9da68 hr-invisible  avia-builder-el-2  el_after_av_image_hotspot  el_before_av_heading  avia-builder-el-first '><span class='hr-inner '><span class=\"hr-inner-style\"><\/span><\/span><\/div><br \/>\n\n<style type=\"text\/css\" data-created_by=\"avia_inline_auto\" id=\"style-css-av-av_heading-2b8646a75fafc5dd74721cb8b0d83d6d\">\n#top .av-special-heading.av-av_heading-2b8646a75fafc5dd74721cb8b0d83d6d{\npadding-bottom:10px;\ncolor:#997778;\n}\nbody .av-special-heading.av-av_heading-2b8646a75fafc5dd74721cb8b0d83d6d .av-special-heading-tag .heading-char{\nfont-size:25px;\n}\n.av-special-heading.av-av_heading-2b8646a75fafc5dd74721cb8b0d83d6d .special-heading-inner-border{\nborder-color:#997778;\n}\n.av-special-heading.av-av_heading-2b8646a75fafc5dd74721cb8b0d83d6d .av-subheading{\nfont-size:15px;\n}\n<\/style>\n<div  class='av-special-heading av-av_heading-2b8646a75fafc5dd74721cb8b0d83d6d av-special-heading-h2 custom-color-heading  avia-builder-el-3  el_after_av_hr  el_before_av_hr '><h2 class='av-special-heading-tag'  itemprop=\"headline\"  >Voc\u00ea conhece os antioxidantes orais?<\/h2><div class=\"special-heading-border\"><div class=\"special-heading-inner-border\"><\/div><\/div><\/div><br \/>\n\n<style type=\"text\/css\" data-created_by=\"avia_inline_auto\" id=\"style-css-av-av_hr-c000357aa8f95db5dbf11db4a3c9da68\">\n#top .hr.hr-invisible.av-av_hr-c000357aa8f95db5dbf11db4a3c9da68{\nheight:30px;\n}\n<\/style>\n<div  class='hr av-av_hr-c000357aa8f95db5dbf11db4a3c9da68 hr-invisible  avia-builder-el-4  el_after_av_heading  el_before_av_textblock '><span class='hr-inner '><span class=\"hr-inner-style\"><\/span><\/span><\/div><br \/>\n\n<style type=\"text\/css\" data-created_by=\"avia_inline_auto\" id=\"style-css-av-av_textblock-3ef3e4f66a2bcbb6f9b35afb905e5c3d\">\n#top .av_textblock_section.av-av_textblock-3ef3e4f66a2bcbb6f9b35afb905e5c3d .avia_textblock{\nfont-size:14px;\n}\n<\/style>\n<section  class='av_textblock_section av-av_textblock-3ef3e4f66a2bcbb6f9b35afb905e5c3d '   itemscope=\"itemscope\" itemtype=\"https:\/\/schema.org\/BlogPosting\" itemprop=\"blogPost\" ><div class='avia_textblock'  itemprop=\"text\" ><p><span class=\"\">Estresse, excesso de sol, polui\u00e7\u00e3o, m\u00e1 alimenta\u00e7\u00e3o, fumo, poucas horas de sono, entre outros s\u00e3o alguns dos fatores que aumentam a produ\u00e7\u00e3o de radicais livres em nosso organismo, os quais causam envelhecimento e morte celular.\u2063\u2063\u2063<br \/>\n\u2063\u2063\u2063<br \/>\nPara diminuir a a\u00e7\u00e3o e forma\u00e7\u00e3o desses radicais livres, uma excelente op\u00e7\u00e3o \u00e9 o uso de antioxidantes orais, que atuam neutralizando os efeitos nocivos dos radicais livres ao DNA celular. Essas subst\u00e2ncias protegem contra a a\u00e7\u00e3o solar, altera\u00e7\u00f5es da pigmenta\u00e7\u00e3o, agem no rejuvenescimento e melhorias dos aspectos da pele, unhas e cabelos.\u2063\u2063\u2063<br \/>\n\u2063\u2063\u2063<br \/>\nDiversas subst\u00e2ncias j\u00e1 foram testadas e mostraram ben\u00e9ficos, entre elas destacam-se o sil\u00edcio org\u00e2nico, a vitamina E, o resveratrol, o sel\u00eanio, o extrato de rom\u00e3, a coenzima q10, o picnogenol e os carotenoides, como lute\u00edna, licopeno e zeaxantina!\u2063\u2063\u2063<br \/>\n\u2063\u2063\u2063<br \/>\nMas aten\u00e7\u00e3o:<\/span><\/p>\n<ul>\n<li><span class=\"\">O uso desses produtos N\u00c3O substitui os cuidados di\u00e1rios com a pele\u2063;<\/span><\/li>\n<li><span class=\"\">A prescri\u00e7\u00e3o dos cosmec\u00eauticos deve ser feita individualmente, levando em considera\u00e7\u00e3o as principais queixas e caracter\u00edsticas de cada paciente;<\/span><\/li>\n<li><span class=\"\">O consumo inadequado dessas subst\u00e2ncias pode causar efeitos colaterais e por isso seu uso deve ser SEMPRE orientado pelo seu dermatologista.<\/span><\/li>\n<\/ul>\n<p><em>Equipe Cl\u00ednica Tha\u00eds Guerreiro<\/em><\/p>\n<\/div><\/section><\/p><\/div>\n","protected":false},"excerpt":{"rendered":"<p>Estresse, excesso de sol, polui\u00e7\u00e3o, m\u00e1 alimenta\u00e7\u00e3o, fumo, poucas horas de sono, entre outros s\u00e3o alguns dos fatores que aumentam a produ\u00e7\u00e3o de radicais livres em nosso organismo, os quais causam envelhecimento e morte celular.\u2063\u2063\u2063<\/p>\n","protected":false},"author":3,"featured_media":445,"comment_status":"open","ping_status":"closed","sticky":false,"template":"","format":"standard","meta":{"footnotes":""},"categories":[8],"tags":[],"class_list":["post-444","post","type-post","status-publish","format-standard","has-post-thumbnail","hentry","category-tratamentos"],"_links":{"self":[{"href":"https:\/\/thaisguerreiro.com.br\/index.php?rest_route=\/wp\/v2\/posts\/444","targetHints":{"allow":["GET"]}}],"collection":[{"href":"https:\/\/thaisguerreiro.com.br\/index.php?rest_route=\/wp\/v2\/posts"}],"about":[{"href":"https:\/\/thaisguerreiro.com.br\/index.php?rest_route=\/wp\/v2\/types\/post"}],"author":[{"embeddable":true,"href":"https:\/\/thaisguerreiro.com.br\/index.php?rest_route=\/wp\/v2\/users\/3"}],"replies":[{"embeddable":true,"href":"https:\/\/thaisguerreiro.com.br\/index.php?rest_route=%2Fwp%2Fv2%2Fcomments&post=444"}],"version-history":[{"count":3,"href":"https:\/\/thaisguerreiro.com.br\/index.php?rest_route=\/wp\/v2\/posts\/444\/revisions"}],"predecessor-version":[{"id":514,"href":"https:\/\/thaisguerreiro.com.br\/index.php?rest_route=\/wp\/v2\/posts\/444\/revisions\/514"}],"wp:featuredmedia":[{"embeddable":true,"href":"https:\/\/thaisguerreiro.com.br\/index.php?rest_route=\/wp\/v2\/media\/445"}],"wp:attachment":[{"href":"https:\/\/thaisguerreiro.com.br\/index.php?rest_route=%2Fwp%2Fv2%2Fmedia&parent=444"}],"wp:term":[{"taxonomy":"category","embeddable":true,"href":"https:\/\/thaisguerreiro.com.br\/index.php?rest_route=%2Fwp%2Fv2%2Fcategories&post=444"},{"taxonomy":"post_tag","embeddable":true,"href":"https:\/\/thaisguerreiro.com.br\/index.php?rest_route=%2Fwp%2Fv2%2Ftags&post=444"}],"curies":[{"name":"wp","href":"https:\/\/api.w.org\/{rel}","templated":true}]}}