{"id":456,"date":"2021-10-18T23:14:05","date_gmt":"2021-10-18T23:14:05","guid":{"rendered":"https:\/\/clinicathaisguerreiro.e-crie.com\/?p=456"},"modified":"2021-10-18T23:54:03","modified_gmt":"2021-10-18T23:54:03","slug":"queda-de-cabelo-pos-covid-19","status":"publish","type":"post","link":"https:\/\/thaisguerreiro.com.br\/?p=456","title":{"rendered":"Queda de cabelo p\u00f3s Covid-19"},"content":{"rendered":"\n<style type=\"text\/css\" data-created_by=\"avia_inline_auto\" id=\"style-css-av-av_one_full-15d750bd1b332b34c6e70b077ebbccdf\">\n.flex_column.av-av_one_full-15d750bd1b332b34c6e70b077ebbccdf{\nborder-radius:0px 0px 0px 0px;\npadding:0px 0px 0px 0px;\n}\n<\/style>\n<div  class='flex_column av-av_one_full-15d750bd1b332b34c6e70b077ebbccdf av_one_full  avia-builder-el-0  avia-builder-el-no-sibling  first flex_column_div av-zero-column-padding  '     ><p><div  class='av-hotspot-image-container av-av_image_hotspot-8425503170ae81173ba64d4d8b7545ef  avia-builder-el-1  el_before_av_hr  avia-builder-el-first  av-hotspot-numbered av-mobile-fallback-active  av-non-fullwidth-hotspot-image'  itemprop=\"image\" itemscope=\"itemscope\" itemtype=\"https:\/\/schema.org\/ImageObject\" ><div class='av-hotspot-container'><div class='av-hotspot-container-inner-cell'><div class='av-hotspot-container-inner-wrap'><img fetchpriority=\"high\" class='wp-image-457 avia-img-lazy-loading-not-457 avia_image' src='https:\/\/thaisguerreiro.com.br\/wp-content\/uploads\/2021\/10\/WhatsApp-Image-2021-10-18-at-19.29.32.jpeg' alt='Queda de cabelo p\u00f3s Covid-19' title='Queda de cabelo p\u00f3s Covid-19'  height=\"300\" width=\"800\"  itemprop=\"thumbnailUrl\"  \/><\/div><\/div><\/div><\/div><br \/>\n\n<style type=\"text\/css\" data-created_by=\"avia_inline_auto\" id=\"style-css-av-av_hr-c000357aa8f95db5dbf11db4a3c9da68\">\n#top .hr.hr-invisible.av-av_hr-c000357aa8f95db5dbf11db4a3c9da68{\nheight:30px;\n}\n<\/style>\n<div  class='hr av-av_hr-c000357aa8f95db5dbf11db4a3c9da68 hr-invisible  avia-builder-el-2  el_after_av_image_hotspot  el_before_av_heading  avia-builder-el-first '><span class='hr-inner '><span class=\"hr-inner-style\"><\/span><\/span><\/div><br \/>\n\n<style type=\"text\/css\" data-created_by=\"avia_inline_auto\" id=\"style-css-av-av_heading-1ae9532a4b29a3d1bd8998259541afc1\">\n#top .av-special-heading.av-av_heading-1ae9532a4b29a3d1bd8998259541afc1{\npadding-bottom:10px;\ncolor:#997778;\n}\nbody .av-special-heading.av-av_heading-1ae9532a4b29a3d1bd8998259541afc1 .av-special-heading-tag .heading-char{\nfont-size:25px;\n}\n.av-special-heading.av-av_heading-1ae9532a4b29a3d1bd8998259541afc1 .special-heading-inner-border{\nborder-color:#997778;\n}\n.av-special-heading.av-av_heading-1ae9532a4b29a3d1bd8998259541afc1 .av-subheading{\nfont-size:15px;\n}\n<\/style>\n<div  class='av-special-heading av-av_heading-1ae9532a4b29a3d1bd8998259541afc1 av-special-heading-h2 custom-color-heading  avia-builder-el-3  el_after_av_hr  el_before_av_hr '><h2 class='av-special-heading-tag'  itemprop=\"headline\"  >Queda de cabelo p\u00f3s Covid-19<\/h2><div class=\"special-heading-border\"><div class=\"special-heading-inner-border\"><\/div><\/div><\/div><br \/>\n\n<style type=\"text\/css\" data-created_by=\"avia_inline_auto\" id=\"style-css-av-av_hr-c000357aa8f95db5dbf11db4a3c9da68\">\n#top .hr.hr-invisible.av-av_hr-c000357aa8f95db5dbf11db4a3c9da68{\nheight:30px;\n}\n<\/style>\n<div  class='hr av-av_hr-c000357aa8f95db5dbf11db4a3c9da68 hr-invisible  avia-builder-el-4  el_after_av_heading  el_before_av_textblock '><span class='hr-inner '><span class=\"hr-inner-style\"><\/span><\/span><\/div><br \/>\n\n<style type=\"text\/css\" data-created_by=\"avia_inline_auto\" id=\"style-css-av-av_textblock-3ef3e4f66a2bcbb6f9b35afb905e5c3d\">\n#top .av_textblock_section.av-av_textblock-3ef3e4f66a2bcbb6f9b35afb905e5c3d .avia_textblock{\nfont-size:14px;\n}\n<\/style>\n<section  class='av_textblock_section av-av_textblock-3ef3e4f66a2bcbb6f9b35afb905e5c3d '   itemscope=\"itemscope\" itemtype=\"https:\/\/schema.org\/BlogPosting\" itemprop=\"blogPost\" ><div class='avia_textblock'  itemprop=\"text\" ><p><span class=\"\"> Segundo pesquisadores de universidades dos Estados Unidos, do M\u00e9xico e da Su\u00e9cia, a queda de cabelo aparece entre os cinco sintomas mais relatados por pacientes ap\u00f3s a recupera\u00e7\u00e3o da covid-19. Para chegar a essa conclus\u00e3o, os pesquisadores analisaram dezenas de estudos sobre o tema, envolvendo um total de 48 mil pacientes.\u2063\u2063\u2063<\/span><\/p>\n<p><span class=\"\">Entre os motivos que causam essa queda podem estar sintomas relacionados \u00e0 covid, como febre alta, emagrecimento, estresse, redu\u00e7\u00e3o da oxigena\u00e7\u00e3o do fol\u00edculo capilar e a pr\u00f3pria doen\u00e7a.\u2063\u2063\u2063\u2063\u2063<\/span><\/p>\n<p><span class=\"\">Ap\u00f3s a recupera\u00e7\u00e3o da covid-19, a queda de cabelo pode persistir, sendo percebida geralmente entre seis a oito semanas depois da doen\u00e7a.\u2063\u2063 \u2063\u2063\u2063<\/span><\/p>\n<p><span class=\"\">Especialistas ressaltam que esse quadro tende a ser revertido em alguns meses, com a volta do cabelo perdido. Por isso, ao perceber esse sintoma \u00e9 importante buscar a orienta\u00e7\u00e3o de um m\u00e9dico dermatologista.\u2063\u2063\u2063<\/span><\/p>\n<p><span class=\"\">Confira o artigo completo sobre esse assunto no site da Sociedade Brasileira de Dermatologia: <a href=\"http:\/\/www.sbd.org.br\">www.sbd.org.br<\/a> \u2063\u2063\u2063<\/span><\/p>\n<p>Equipe Cl\u00ednica Tha\u00eds Guerreiro<\/p>\n<\/div><\/section><\/p><\/div>\n","protected":false},"excerpt":{"rendered":"<p>Segundo pesquisadores de universidades dos Estados Unidos, do M\u00e9xico e da Su\u00e9cia, a queda de cabelo aparece entre os cinco sintomas mais relatados por pacientes ap\u00f3s a recupera\u00e7\u00e3o da covid-19.<\/p>\n","protected":false},"author":3,"featured_media":457,"comment_status":"open","ping_status":"closed","sticky":false,"template":"","format":"standard","meta":{"footnotes":""},"categories":[1],"tags":[],"class_list":["post-456","post","type-post","status-publish","format-standard","has-post-thumbnail","hentry","category-uncategorized"],"_links":{"self":[{"href":"https:\/\/thaisguerreiro.com.br\/index.php?rest_route=\/wp\/v2\/posts\/456","targetHints":{"allow":["GET"]}}],"collection":[{"href":"https:\/\/thaisguerreiro.com.br\/index.php?rest_route=\/wp\/v2\/posts"}],"about":[{"href":"https:\/\/thaisguerreiro.com.br\/index.php?rest_route=\/wp\/v2\/types\/post"}],"author":[{"embeddable":true,"href":"https:\/\/thaisguerreiro.com.br\/index.php?rest_route=\/wp\/v2\/users\/3"}],"replies":[{"embeddable":true,"href":"https:\/\/thaisguerreiro.com.br\/index.php?rest_route=%2Fwp%2Fv2%2Fcomments&post=456"}],"version-history":[{"count":5,"href":"https:\/\/thaisguerreiro.com.br\/index.php?rest_route=\/wp\/v2\/posts\/456\/revisions"}],"predecessor-version":[{"id":519,"href":"https:\/\/thaisguerreiro.com.br\/index.php?rest_route=\/wp\/v2\/posts\/456\/revisions\/519"}],"wp:featuredmedia":[{"embeddable":true,"href":"https:\/\/thaisguerreiro.com.br\/index.php?rest_route=\/wp\/v2\/media\/457"}],"wp:attachment":[{"href":"https:\/\/thaisguerreiro.com.br\/index.php?rest_route=%2Fwp%2Fv2%2Fmedia&parent=456"}],"wp:term":[{"taxonomy":"category","embeddable":true,"href":"https:\/\/thaisguerreiro.com.br\/index.php?rest_route=%2Fwp%2Fv2%2Fcategories&post=456"},{"taxonomy":"post_tag","embeddable":true,"href":"https:\/\/thaisguerreiro.com.br\/index.php?rest_route=%2Fwp%2Fv2%2Ftags&post=456"}],"curies":[{"name":"wp","href":"https:\/\/api.w.org\/{rel}","templated":true}]}}